{"id":472,"date":"2018-05-15T13:15:53","date_gmt":"2018-05-15T13:15:53","guid":{"rendered":"https:\/\/protorpedo-rijeka.hr\/?p=472"},"modified":"2023-01-23T18:44:24","modified_gmt":"2023-01-23T18:44:24","slug":"pro-torpedo-konferencija-za-tisak","status":"publish","type":"post","link":"https:\/\/protorpedo-rijeka.hr\/en\/pro-torpedo-konferencija-za-tisak\/","title":{"rendered":"Pro Torpedo press conference 2018"},"content":{"rendered":"<a href=\"https:\/\/protorpedo-rijeka.hr\/wp-content\/uploads\/2018\/05\/IMG_0057.jpg\"><img decoding=\"async\" class=\"alignnone size-medium wp-image-474 lazyload\" data-src=\"https:\/\/protorpedo-rijeka.hr\/wp-content\/uploads\/2018\/05\/IMG_0057-300x200.jpg\" alt=\"\" width=\"300\" height=\"200\" src=\"data:image\/svg+xml;base64,PHN2ZyB3aWR0aD0iMSIgaGVpZ2h0PSIxIiB4bWxucz0iaHR0cDovL3d3dy53My5vcmcvMjAwMC9zdmciPjwvc3ZnPg==\" style=\"--smush-placeholder-width: 300px; --smush-placeholder-aspect-ratio: 300\/200;\" \/><\/a> <a href=\"https:\/\/protorpedo-rijeka.hr\/wp-content\/uploads\/2018\/05\/IMG_0055.jpg\"><img decoding=\"async\" class=\"alignnone size-medium wp-image-473 lazyload\" data-src=\"https:\/\/protorpedo-rijeka.hr\/wp-content\/uploads\/2018\/05\/IMG_0055-300x200.jpg\" alt=\"\" width=\"300\" height=\"200\" src=\"data:image\/svg+xml;base64,PHN2ZyB3aWR0aD0iMSIgaGVpZ2h0PSIxIiB4bWxucz0iaHR0cDovL3d3dy53My5vcmcvMjAwMC9zdmciPjwvc3ZnPg==\" style=\"--smush-placeholder-width: 300px; --smush-placeholder-aspect-ratio: 300\/200;\" \/><\/a>","protected":false},"excerpt":{"rendered":"","protected":false},"author":1,"featured_media":474,"comment_status":"closed","ping_status":"closed","sticky":false,"template":"","format":"standard","meta":{"footnotes":""},"categories":[1],"tags":[],"class_list":{"0":"post-472","1":"post","2":"type-post","3":"status-publish","4":"format-standard","5":"has-post-thumbnail","7":"category-uncategorized"},"yoast_head":"<!-- This site is optimized with the Yoast SEO plugin v27.4 - https:\/\/yoast.com\/product\/yoast-seo-wordpress\/ -->\n<title>Pro Torpedo press conference 2018 - Pro Torpedo<\/title>\n<meta name=\"robots\" content=\"index, follow, max-snippet:-1, max-image-preview:large, max-video-preview:-1\" \/>\n<link rel=\"canonical\" href=\"https:\/\/protorpedo-rijeka.hr\/pro-torpedo-konferencija-za-tisak\/\" \/>\n<meta property=\"og:locale\" content=\"en_US\" \/>\n<meta property=\"og:type\" content=\"article\" \/>\n<meta property=\"og:title\" content=\"[:hr]Pro Torpedo konferencija za tisak 2018[:en]Pro Torpedo press conference 2018[:] - Pro Torpedo\" \/>\n<meta property=\"og:url\" content=\"https:\/\/protorpedo-rijeka.hr\/pro-torpedo-konferencija-za-tisak\/\" \/>\n<meta property=\"og:site_name\" content=\"Pro Torpedo\" \/>\n<meta property=\"article:published_time\" content=\"2018-05-15T13:15:53+00:00\" \/>\n<meta property=\"article:modified_time\" content=\"2023-01-23T18:44:24+00:00\" \/>\n<meta property=\"og:image\" content=\"https:\/\/protorpedo-rijeka.hr\/wp-content\/uploads\/2018\/05\/IMG_0057.jpg\" \/>\n\t<meta property=\"og:image:width\" content=\"1024\" \/>\n\t<meta property=\"og:image:height\" content=\"684\" \/>\n\t<meta property=\"og:image:type\" content=\"image\/jpeg\" \/>\n<meta name=\"author\" content=\"Iva\" \/>\n<meta name=\"twitter:card\" content=\"summary_large_image\" \/>\n<meta name=\"twitter:label1\" content=\"Written by\" \/>\n\t<meta name=\"twitter:data1\" content=\"Iva\" \/>\n\t<meta name=\"twitter:label2\" content=\"Est. reading time\" \/>\n\t<meta name=\"twitter:data2\" content=\"3 minutes\" \/>\n<script type=\"application\/ld+json\" class=\"yoast-schema-graph\">{\"@context\":\"https:\\\/\\\/schema.org\",\"@graph\":[{\"@type\":\"Article\",\"@id\":\"https:\\\/\\\/protorpedo-rijeka.hr\\\/pro-torpedo-konferencija-za-tisak\\\/#article\",\"isPartOf\":{\"@id\":\"https:\\\/\\\/protorpedo-rijeka.hr\\\/pro-torpedo-konferencija-za-tisak\\\/\"},\"author\":{\"name\":\"Iva\",\"@id\":\"https:\\\/\\\/protorpedo-rijeka.hr\\\/#\\\/schema\\\/person\\\/596b2b84c79ea6ee4cad10c046717113\"},\"headline\":\"Pro Torpedo press conference 2018\",\"datePublished\":\"2018-05-15T13:15:53+00:00\",\"dateModified\":\"2023-01-23T18:44:24+00:00\",\"mainEntityOfPage\":{\"@id\":\"https:\\\/\\\/protorpedo-rijeka.hr\\\/pro-torpedo-konferencija-za-tisak\\\/\"},\"wordCount\":351,\"publisher\":{\"@id\":\"https:\\\/\\\/protorpedo-rijeka.hr\\\/#organization\"},\"image\":{\"@id\":\"https:\\\/\\\/protorpedo-rijeka.hr\\\/pro-torpedo-konferencija-za-tisak\\\/#primaryimage\"},\"thumbnailUrl\":\"https:\\\/\\\/protorpedo-rijeka.hr\\\/wp-content\\\/uploads\\\/2018\\\/05\\\/IMG_0057.jpg\",\"inLanguage\":\"en-US\"},{\"@type\":\"WebPage\",\"@id\":\"https:\\\/\\\/protorpedo-rijeka.hr\\\/pro-torpedo-konferencija-za-tisak\\\/\",\"url\":\"https:\\\/\\\/protorpedo-rijeka.hr\\\/pro-torpedo-konferencija-za-tisak\\\/\",\"name\":\"[:hr]Pro Torpedo konferencija za tisak 2018[:en]Pro Torpedo press conference 2018[:] - Pro Torpedo\",\"isPartOf\":{\"@id\":\"https:\\\/\\\/protorpedo-rijeka.hr\\\/#website\"},\"primaryImageOfPage\":{\"@id\":\"https:\\\/\\\/protorpedo-rijeka.hr\\\/pro-torpedo-konferencija-za-tisak\\\/#primaryimage\"},\"image\":{\"@id\":\"https:\\\/\\\/protorpedo-rijeka.hr\\\/pro-torpedo-konferencija-za-tisak\\\/#primaryimage\"},\"thumbnailUrl\":\"https:\\\/\\\/protorpedo-rijeka.hr\\\/wp-content\\\/uploads\\\/2018\\\/05\\\/IMG_0057.jpg\",\"datePublished\":\"2018-05-15T13:15:53+00:00\",\"dateModified\":\"2023-01-23T18:44:24+00:00\",\"breadcrumb\":{\"@id\":\"https:\\\/\\\/protorpedo-rijeka.hr\\\/pro-torpedo-konferencija-za-tisak\\\/#breadcrumb\"},\"inLanguage\":\"en-US\",\"potentialAction\":[{\"@type\":\"ReadAction\",\"target\":[\"https:\\\/\\\/protorpedo-rijeka.hr\\\/pro-torpedo-konferencija-za-tisak\\\/\"]}]},{\"@type\":\"ImageObject\",\"inLanguage\":\"en-US\",\"@id\":\"https:\\\/\\\/protorpedo-rijeka.hr\\\/pro-torpedo-konferencija-za-tisak\\\/#primaryimage\",\"url\":\"https:\\\/\\\/protorpedo-rijeka.hr\\\/wp-content\\\/uploads\\\/2018\\\/05\\\/IMG_0057.jpg\",\"contentUrl\":\"https:\\\/\\\/protorpedo-rijeka.hr\\\/wp-content\\\/uploads\\\/2018\\\/05\\\/IMG_0057.jpg\",\"width\":1024,\"height\":684},{\"@type\":\"BreadcrumbList\",\"@id\":\"https:\\\/\\\/protorpedo-rijeka.hr\\\/pro-torpedo-konferencija-za-tisak\\\/#breadcrumb\",\"itemListElement\":[{\"@type\":\"ListItem\",\"position\":1,\"name\":\"Home\",\"item\":\"https:\\\/\\\/protorpedo-rijeka.hr\\\/\"},{\"@type\":\"ListItem\",\"position\":2,\"name\":\"Pro Torpedo konferencija za tisak 2018\"}]},{\"@type\":\"WebSite\",\"@id\":\"https:\\\/\\\/protorpedo-rijeka.hr\\\/#website\",\"url\":\"https:\\\/\\\/protorpedo-rijeka.hr\\\/\",\"name\":\"Pro Torpedo\",\"description\":\"Udruga za za\u0161titu i promociju rije\u010dke industrijske ba\u0161tine\",\"publisher\":{\"@id\":\"https:\\\/\\\/protorpedo-rijeka.hr\\\/#organization\"},\"potentialAction\":[{\"@type\":\"SearchAction\",\"target\":{\"@type\":\"EntryPoint\",\"urlTemplate\":\"https:\\\/\\\/protorpedo-rijeka.hr\\\/?s={search_term_string}\"},\"query-input\":{\"@type\":\"PropertyValueSpecification\",\"valueRequired\":true,\"valueName\":\"search_term_string\"}}],\"inLanguage\":\"en-US\"},{\"@type\":\"Organization\",\"@id\":\"https:\\\/\\\/protorpedo-rijeka.hr\\\/#organization\",\"name\":\"Pro Torpedo\",\"url\":\"https:\\\/\\\/protorpedo-rijeka.hr\\\/\",\"logo\":{\"@type\":\"ImageObject\",\"inLanguage\":\"en-US\",\"@id\":\"https:\\\/\\\/protorpedo-rijeka.hr\\\/#\\\/schema\\\/logo\\\/image\\\/\",\"url\":\"https:\\\/\\\/protorpedo-rijeka.hr\\\/wp-content\\\/uploads\\\/2023\\\/01\\\/Pro-Torpedo-logo-v5-4@2x.png\",\"contentUrl\":\"https:\\\/\\\/protorpedo-rijeka.hr\\\/wp-content\\\/uploads\\\/2023\\\/01\\\/Pro-Torpedo-logo-v5-4@2x.png\",\"width\":783,\"height\":181,\"caption\":\"Pro Torpedo\"},\"image\":{\"@id\":\"https:\\\/\\\/protorpedo-rijeka.hr\\\/#\\\/schema\\\/logo\\\/image\\\/\"}},{\"@type\":\"Person\",\"@id\":\"https:\\\/\\\/protorpedo-rijeka.hr\\\/#\\\/schema\\\/person\\\/596b2b84c79ea6ee4cad10c046717113\",\"name\":\"Iva\",\"url\":\"https:\\\/\\\/protorpedo-rijeka.hr\\\/en\\\/author\\\/Iva\\\/\"}]}<\/script>\n<!-- \/ Yoast SEO plugin. -->","yoast_head_json":{"title":"[:hr]Pro Torpedo konferencija za tisak 2018[:en]Pro Torpedo press conference 2018[:] - Pro Torpedo","robots":{"index":"index","follow":"follow","max-snippet":"max-snippet:-1","max-image-preview":"max-image-preview:large","max-video-preview":"max-video-preview:-1"},"canonical":"https:\/\/protorpedo-rijeka.hr\/pro-torpedo-konferencija-za-tisak\/","og_locale":"en_US","og_type":"article","og_title":"[:hr]Pro Torpedo konferencija za tisak 2018[:en]Pro Torpedo press conference 2018[:] - Pro Torpedo","og_url":"https:\/\/protorpedo-rijeka.hr\/pro-torpedo-konferencija-za-tisak\/","og_site_name":"Pro Torpedo","article_published_time":"2018-05-15T13:15:53+00:00","article_modified_time":"2023-01-23T18:44:24+00:00","og_image":[{"width":1024,"height":684,"url":"https:\/\/protorpedo-rijeka.hr\/wp-content\/uploads\/2018\/05\/IMG_0057.jpg","type":"image\/jpeg"}],"author":"Iva","twitter_card":"summary_large_image","twitter_misc":{"Written by":"Iva","Est. reading time":"3 minutes"},"schema":{"@context":"https:\/\/schema.org","@graph":[{"@type":"Article","@id":"https:\/\/protorpedo-rijeka.hr\/pro-torpedo-konferencija-za-tisak\/#article","isPartOf":{"@id":"https:\/\/protorpedo-rijeka.hr\/pro-torpedo-konferencija-za-tisak\/"},"author":{"name":"Iva","@id":"https:\/\/protorpedo-rijeka.hr\/#\/schema\/person\/596b2b84c79ea6ee4cad10c046717113"},"headline":"Pro Torpedo press conference 2018","datePublished":"2018-05-15T13:15:53+00:00","dateModified":"2023-01-23T18:44:24+00:00","mainEntityOfPage":{"@id":"https:\/\/protorpedo-rijeka.hr\/pro-torpedo-konferencija-za-tisak\/"},"wordCount":351,"publisher":{"@id":"https:\/\/protorpedo-rijeka.hr\/#organization"},"image":{"@id":"https:\/\/protorpedo-rijeka.hr\/pro-torpedo-konferencija-za-tisak\/#primaryimage"},"thumbnailUrl":"https:\/\/protorpedo-rijeka.hr\/wp-content\/uploads\/2018\/05\/IMG_0057.jpg","inLanguage":"en-US"},{"@type":"WebPage","@id":"https:\/\/protorpedo-rijeka.hr\/pro-torpedo-konferencija-za-tisak\/","url":"https:\/\/protorpedo-rijeka.hr\/pro-torpedo-konferencija-za-tisak\/","name":"[:hr]Pro Torpedo konferencija za tisak 2018[:en]Pro Torpedo press conference 2018[:] - Pro Torpedo","isPartOf":{"@id":"https:\/\/protorpedo-rijeka.hr\/#website"},"primaryImageOfPage":{"@id":"https:\/\/protorpedo-rijeka.hr\/pro-torpedo-konferencija-za-tisak\/#primaryimage"},"image":{"@id":"https:\/\/protorpedo-rijeka.hr\/pro-torpedo-konferencija-za-tisak\/#primaryimage"},"thumbnailUrl":"https:\/\/protorpedo-rijeka.hr\/wp-content\/uploads\/2018\/05\/IMG_0057.jpg","datePublished":"2018-05-15T13:15:53+00:00","dateModified":"2023-01-23T18:44:24+00:00","breadcrumb":{"@id":"https:\/\/protorpedo-rijeka.hr\/pro-torpedo-konferencija-za-tisak\/#breadcrumb"},"inLanguage":"en-US","potentialAction":[{"@type":"ReadAction","target":["https:\/\/protorpedo-rijeka.hr\/pro-torpedo-konferencija-za-tisak\/"]}]},{"@type":"ImageObject","inLanguage":"en-US","@id":"https:\/\/protorpedo-rijeka.hr\/pro-torpedo-konferencija-za-tisak\/#primaryimage","url":"https:\/\/protorpedo-rijeka.hr\/wp-content\/uploads\/2018\/05\/IMG_0057.jpg","contentUrl":"https:\/\/protorpedo-rijeka.hr\/wp-content\/uploads\/2018\/05\/IMG_0057.jpg","width":1024,"height":684},{"@type":"BreadcrumbList","@id":"https:\/\/protorpedo-rijeka.hr\/pro-torpedo-konferencija-za-tisak\/#breadcrumb","itemListElement":[{"@type":"ListItem","position":1,"name":"Home","item":"https:\/\/protorpedo-rijeka.hr\/"},{"@type":"ListItem","position":2,"name":"Pro Torpedo konferencija za tisak 2018"}]},{"@type":"WebSite","@id":"https:\/\/protorpedo-rijeka.hr\/#website","url":"https:\/\/protorpedo-rijeka.hr\/","name":"Pro Torpedo","description":"Udruga za za\u0161titu i promociju rije\u010dke industrijske ba\u0161tine","publisher":{"@id":"https:\/\/protorpedo-rijeka.hr\/#organization"},"potentialAction":[{"@type":"SearchAction","target":{"@type":"EntryPoint","urlTemplate":"https:\/\/protorpedo-rijeka.hr\/?s={search_term_string}"},"query-input":{"@type":"PropertyValueSpecification","valueRequired":true,"valueName":"search_term_string"}}],"inLanguage":"en-US"},{"@type":"Organization","@id":"https:\/\/protorpedo-rijeka.hr\/#organization","name":"Pro Torpedo","url":"https:\/\/protorpedo-rijeka.hr\/","logo":{"@type":"ImageObject","inLanguage":"en-US","@id":"https:\/\/protorpedo-rijeka.hr\/#\/schema\/logo\/image\/","url":"https:\/\/protorpedo-rijeka.hr\/wp-content\/uploads\/2023\/01\/Pro-Torpedo-logo-v5-4@2x.png","contentUrl":"https:\/\/protorpedo-rijeka.hr\/wp-content\/uploads\/2023\/01\/Pro-Torpedo-logo-v5-4@2x.png","width":783,"height":181,"caption":"Pro Torpedo"},"image":{"@id":"https:\/\/protorpedo-rijeka.hr\/#\/schema\/logo\/image\/"}},{"@type":"Person","@id":"https:\/\/protorpedo-rijeka.hr\/#\/schema\/person\/596b2b84c79ea6ee4cad10c046717113","name":"Iva","url":"https:\/\/protorpedo-rijeka.hr\/en\/author\/Iva\/"}]}},"_links":{"self":[{"href":"https:\/\/protorpedo-rijeka.hr\/en\/wp-json\/wp\/v2\/posts\/472","targetHints":{"allow":["GET"]}}],"collection":[{"href":"https:\/\/protorpedo-rijeka.hr\/en\/wp-json\/wp\/v2\/posts"}],"about":[{"href":"https:\/\/protorpedo-rijeka.hr\/en\/wp-json\/wp\/v2\/types\/post"}],"author":[{"embeddable":true,"href":"https:\/\/protorpedo-rijeka.hr\/en\/wp-json\/wp\/v2\/users\/1"}],"replies":[{"embeddable":true,"href":"https:\/\/protorpedo-rijeka.hr\/en\/wp-json\/wp\/v2\/comments?post=472"}],"version-history":[{"count":1,"href":"https:\/\/protorpedo-rijeka.hr\/en\/wp-json\/wp\/v2\/posts\/472\/revisions"}],"predecessor-version":[{"id":610,"href":"https:\/\/protorpedo-rijeka.hr\/en\/wp-json\/wp\/v2\/posts\/472\/revisions\/610"}],"wp:featuredmedia":[{"embeddable":true,"href":"https:\/\/protorpedo-rijeka.hr\/en\/wp-json\/wp\/v2\/media\/474"}],"wp:attachment":[{"href":"https:\/\/protorpedo-rijeka.hr\/en\/wp-json\/wp\/v2\/media?parent=472"}],"wp:term":[{"taxonomy":"category","embeddable":true,"href":"https:\/\/protorpedo-rijeka.hr\/en\/wp-json\/wp\/v2\/categories?post=472"},{"taxonomy":"post_tag","embeddable":true,"href":"https:\/\/protorpedo-rijeka.hr\/en\/wp-json\/wp\/v2\/tags?post=472"}],"curies":[{"name":"wp","href":"https:\/\/api.w.org\/{rel}","templated":true}]}}