{"id":494,"date":"2019-12-02T20:13:49","date_gmt":"2019-12-02T20:13:49","guid":{"rendered":"https:\/\/protorpedo-rijeka.hr\/?p=494"},"modified":"2023-01-06T23:28:26","modified_gmt":"2023-01-06T23:28:26","slug":"poziv-na-9-medunarodnu-konferenciju-o-industrijskoj-bastini","status":"publish","type":"post","link":"https:\/\/protorpedo-rijeka.hr\/en\/poziv-na-9-medunarodnu-konferenciju-o-industrijskoj-bastini\/","title":{"rendered":"Invitation to the 9th international conference on industrial heritage"},"content":{"rendered":"PDF invitation:<br \/>\n<iframe id=\"s_pdf_frame\" data-src=\"\/\/docs.google.com\/gview?embedded=true&url=https:\/\/protorpedo-rijeka.hr\/wp-content\/uploads\/2019\/12\/pro-torpedo-poziv-4.pdf\" style=\"width: 100%; height:500px;\" frameborder=\"0\" src=\"data:image\/svg+xml;base64,PHN2ZyB3aWR0aD0iMSIgaGVpZ2h0PSIxIiB4bWxucz0iaHR0cDovL3d3dy53My5vcmcvMjAwMC9zdmciPjwvc3ZnPg==\" class=\"lazyload\" data-load-mode=\"1\"><\/iframe><a class=\"s_pdf_download_link\" href=\"https:\/\/protorpedo-rijeka.hr\/wp-content\/uploads\/2019\/12\/pro-torpedo-poziv-4.pdf\" download><button style=\"background:#000000;\" class=\"s_pdf_download_bttn\">Download<\/button><\/a>","protected":false},"excerpt":{"rendered":"<p>PDF invitation:<\/p>\n","protected":false},"author":1,"featured_media":26,"comment_status":"closed","ping_status":"closed","sticky":false,"template":"","format":"standard","meta":{"footnotes":""},"categories":[8],"tags":[],"class_list":{"0":"post-494","1":"post","2":"type-post","3":"status-publish","4":"format-standard","5":"has-post-thumbnail","7":"category-news"},"yoast_head":"<!-- This site is optimized with the Yoast SEO plugin v27.4 - https:\/\/yoast.com\/product\/yoast-seo-wordpress\/ -->\n<title>Invitation to the 9th international conference on industrial heritage - Pro Torpedo<\/title>\n<meta name=\"robots\" content=\"index, follow, max-snippet:-1, max-image-preview:large, max-video-preview:-1\" \/>\n<link rel=\"canonical\" href=\"https:\/\/protorpedo-rijeka.hr\/poziv-na-9-medunarodnu-konferenciju-o-industrijskoj-bastini\/\" \/>\n<meta property=\"og:locale\" content=\"en_US\" \/>\n<meta property=\"og:type\" content=\"article\" \/>\n<meta property=\"og:title\" content=\"[:hr]Poziv na 9. me\u0111unarodnu konferenciju o industrijskoj ba\u0161tini[:en]Invitation to the 9th international conference on industrial heritage[:] - Pro Torpedo\" \/>\n<meta property=\"og:description\" content=\"PDF invitation:\" \/>\n<meta property=\"og:url\" content=\"https:\/\/protorpedo-rijeka.hr\/poziv-na-9-medunarodnu-konferenciju-o-industrijskoj-bastini\/\" \/>\n<meta property=\"og:site_name\" content=\"Pro Torpedo\" \/>\n<meta property=\"article:published_time\" content=\"2019-12-02T20:13:49+00:00\" \/>\n<meta property=\"article:modified_time\" content=\"2023-01-06T23:28:26+00:00\" \/>\n<meta property=\"og:image\" content=\"https:\/\/protorpedo-rijeka.hr\/wp-content\/uploads\/2015\/11\/01.png\" \/>\n\t<meta property=\"og:image:width\" content=\"770\" \/>\n\t<meta property=\"og:image:height\" content=\"526\" \/>\n\t<meta property=\"og:image:type\" content=\"image\/png\" \/>\n<meta name=\"author\" content=\"Iva\" \/>\n<meta name=\"twitter:card\" content=\"summary_large_image\" \/>\n<meta name=\"twitter:label1\" content=\"Written by\" \/>\n\t<meta name=\"twitter:data1\" content=\"Iva\" \/>\n<script type=\"application\/ld+json\" class=\"yoast-schema-graph\">{\"@context\":\"https:\\\/\\\/schema.org\",\"@graph\":[{\"@type\":\"Article\",\"@id\":\"https:\\\/\\\/protorpedo-rijeka.hr\\\/poziv-na-9-medunarodnu-konferenciju-o-industrijskoj-bastini\\\/#article\",\"isPartOf\":{\"@id\":\"https:\\\/\\\/protorpedo-rijeka.hr\\\/poziv-na-9-medunarodnu-konferenciju-o-industrijskoj-bastini\\\/\"},\"author\":{\"name\":\"Iva\",\"@id\":\"https:\\\/\\\/protorpedo-rijeka.hr\\\/#\\\/schema\\\/person\\\/596b2b84c79ea6ee4cad10c046717113\"},\"headline\":\"Invitation to the 9th international conference on industrial heritage\",\"datePublished\":\"2019-12-02T20:13:49+00:00\",\"dateModified\":\"2023-01-06T23:28:26+00:00\",\"mainEntityOfPage\":{\"@id\":\"https:\\\/\\\/protorpedo-rijeka.hr\\\/poziv-na-9-medunarodnu-konferenciju-o-industrijskoj-bastini\\\/\"},\"wordCount\":48,\"publisher\":{\"@id\":\"https:\\\/\\\/protorpedo-rijeka.hr\\\/#organization\"},\"image\":{\"@id\":\"https:\\\/\\\/protorpedo-rijeka.hr\\\/poziv-na-9-medunarodnu-konferenciju-o-industrijskoj-bastini\\\/#primaryimage\"},\"thumbnailUrl\":\"https:\\\/\\\/protorpedo-rijeka.hr\\\/wp-content\\\/uploads\\\/2015\\\/11\\\/01.png\",\"articleSection\":[\"News\"],\"inLanguage\":\"en-US\"},{\"@type\":\"WebPage\",\"@id\":\"https:\\\/\\\/protorpedo-rijeka.hr\\\/poziv-na-9-medunarodnu-konferenciju-o-industrijskoj-bastini\\\/\",\"url\":\"https:\\\/\\\/protorpedo-rijeka.hr\\\/poziv-na-9-medunarodnu-konferenciju-o-industrijskoj-bastini\\\/\",\"name\":\"[:hr]Poziv na 9. me\u0111unarodnu konferenciju o industrijskoj ba\u0161tini[:en]Invitation to the 9th international conference on industrial heritage[:] - Pro Torpedo\",\"isPartOf\":{\"@id\":\"https:\\\/\\\/protorpedo-rijeka.hr\\\/#website\"},\"primaryImageOfPage\":{\"@id\":\"https:\\\/\\\/protorpedo-rijeka.hr\\\/poziv-na-9-medunarodnu-konferenciju-o-industrijskoj-bastini\\\/#primaryimage\"},\"image\":{\"@id\":\"https:\\\/\\\/protorpedo-rijeka.hr\\\/poziv-na-9-medunarodnu-konferenciju-o-industrijskoj-bastini\\\/#primaryimage\"},\"thumbnailUrl\":\"https:\\\/\\\/protorpedo-rijeka.hr\\\/wp-content\\\/uploads\\\/2015\\\/11\\\/01.png\",\"datePublished\":\"2019-12-02T20:13:49+00:00\",\"dateModified\":\"2023-01-06T23:28:26+00:00\",\"breadcrumb\":{\"@id\":\"https:\\\/\\\/protorpedo-rijeka.hr\\\/poziv-na-9-medunarodnu-konferenciju-o-industrijskoj-bastini\\\/#breadcrumb\"},\"inLanguage\":\"en-US\",\"potentialAction\":[{\"@type\":\"ReadAction\",\"target\":[\"https:\\\/\\\/protorpedo-rijeka.hr\\\/poziv-na-9-medunarodnu-konferenciju-o-industrijskoj-bastini\\\/\"]}]},{\"@type\":\"ImageObject\",\"inLanguage\":\"en-US\",\"@id\":\"https:\\\/\\\/protorpedo-rijeka.hr\\\/poziv-na-9-medunarodnu-konferenciju-o-industrijskoj-bastini\\\/#primaryimage\",\"url\":\"https:\\\/\\\/protorpedo-rijeka.hr\\\/wp-content\\\/uploads\\\/2015\\\/11\\\/01.png\",\"contentUrl\":\"https:\\\/\\\/protorpedo-rijeka.hr\\\/wp-content\\\/uploads\\\/2015\\\/11\\\/01.png\",\"width\":770,\"height\":526},{\"@type\":\"BreadcrumbList\",\"@id\":\"https:\\\/\\\/protorpedo-rijeka.hr\\\/poziv-na-9-medunarodnu-konferenciju-o-industrijskoj-bastini\\\/#breadcrumb\",\"itemListElement\":[{\"@type\":\"ListItem\",\"position\":1,\"name\":\"Home\",\"item\":\"https:\\\/\\\/protorpedo-rijeka.hr\\\/\"},{\"@type\":\"ListItem\",\"position\":2,\"name\":\"Poziv na 9. me\u0111unarodnu konferenciju o industrijskoj ba\u0161tini\"}]},{\"@type\":\"WebSite\",\"@id\":\"https:\\\/\\\/protorpedo-rijeka.hr\\\/#website\",\"url\":\"https:\\\/\\\/protorpedo-rijeka.hr\\\/\",\"name\":\"Pro Torpedo\",\"description\":\"Udruga za za\u0161titu i promociju rije\u010dke industrijske ba\u0161tine\",\"publisher\":{\"@id\":\"https:\\\/\\\/protorpedo-rijeka.hr\\\/#organization\"},\"potentialAction\":[{\"@type\":\"SearchAction\",\"target\":{\"@type\":\"EntryPoint\",\"urlTemplate\":\"https:\\\/\\\/protorpedo-rijeka.hr\\\/?s={search_term_string}\"},\"query-input\":{\"@type\":\"PropertyValueSpecification\",\"valueRequired\":true,\"valueName\":\"search_term_string\"}}],\"inLanguage\":\"en-US\"},{\"@type\":\"Organization\",\"@id\":\"https:\\\/\\\/protorpedo-rijeka.hr\\\/#organization\",\"name\":\"Pro Torpedo\",\"url\":\"https:\\\/\\\/protorpedo-rijeka.hr\\\/\",\"logo\":{\"@type\":\"ImageObject\",\"inLanguage\":\"en-US\",\"@id\":\"https:\\\/\\\/protorpedo-rijeka.hr\\\/#\\\/schema\\\/logo\\\/image\\\/\",\"url\":\"https:\\\/\\\/protorpedo-rijeka.hr\\\/wp-content\\\/uploads\\\/2023\\\/01\\\/Pro-Torpedo-logo-v5-4@2x.png\",\"contentUrl\":\"https:\\\/\\\/protorpedo-rijeka.hr\\\/wp-content\\\/uploads\\\/2023\\\/01\\\/Pro-Torpedo-logo-v5-4@2x.png\",\"width\":783,\"height\":181,\"caption\":\"Pro Torpedo\"},\"image\":{\"@id\":\"https:\\\/\\\/protorpedo-rijeka.hr\\\/#\\\/schema\\\/logo\\\/image\\\/\"}},{\"@type\":\"Person\",\"@id\":\"https:\\\/\\\/protorpedo-rijeka.hr\\\/#\\\/schema\\\/person\\\/596b2b84c79ea6ee4cad10c046717113\",\"name\":\"Iva\",\"url\":\"https:\\\/\\\/protorpedo-rijeka.hr\\\/en\\\/author\\\/Iva\\\/\"}]}<\/script>\n<!-- \/ Yoast SEO plugin. -->","yoast_head_json":{"title":"[:hr]Poziv na 9. me\u0111unarodnu konferenciju o industrijskoj ba\u0161tini[:en]Invitation to the 9th international conference on industrial heritage[:] - Pro Torpedo","robots":{"index":"index","follow":"follow","max-snippet":"max-snippet:-1","max-image-preview":"max-image-preview:large","max-video-preview":"max-video-preview:-1"},"canonical":"https:\/\/protorpedo-rijeka.hr\/poziv-na-9-medunarodnu-konferenciju-o-industrijskoj-bastini\/","og_locale":"en_US","og_type":"article","og_title":"[:hr]Poziv na 9. me\u0111unarodnu konferenciju o industrijskoj ba\u0161tini[:en]Invitation to the 9th international conference on industrial heritage[:] - Pro Torpedo","og_description":"PDF invitation:","og_url":"https:\/\/protorpedo-rijeka.hr\/poziv-na-9-medunarodnu-konferenciju-o-industrijskoj-bastini\/","og_site_name":"Pro Torpedo","article_published_time":"2019-12-02T20:13:49+00:00","article_modified_time":"2023-01-06T23:28:26+00:00","og_image":[{"width":770,"height":526,"url":"https:\/\/protorpedo-rijeka.hr\/wp-content\/uploads\/2015\/11\/01.png","type":"image\/png"}],"author":"Iva","twitter_card":"summary_large_image","twitter_misc":{"Written by":"Iva"},"schema":{"@context":"https:\/\/schema.org","@graph":[{"@type":"Article","@id":"https:\/\/protorpedo-rijeka.hr\/poziv-na-9-medunarodnu-konferenciju-o-industrijskoj-bastini\/#article","isPartOf":{"@id":"https:\/\/protorpedo-rijeka.hr\/poziv-na-9-medunarodnu-konferenciju-o-industrijskoj-bastini\/"},"author":{"name":"Iva","@id":"https:\/\/protorpedo-rijeka.hr\/#\/schema\/person\/596b2b84c79ea6ee4cad10c046717113"},"headline":"Invitation to the 9th international conference on industrial heritage","datePublished":"2019-12-02T20:13:49+00:00","dateModified":"2023-01-06T23:28:26+00:00","mainEntityOfPage":{"@id":"https:\/\/protorpedo-rijeka.hr\/poziv-na-9-medunarodnu-konferenciju-o-industrijskoj-bastini\/"},"wordCount":48,"publisher":{"@id":"https:\/\/protorpedo-rijeka.hr\/#organization"},"image":{"@id":"https:\/\/protorpedo-rijeka.hr\/poziv-na-9-medunarodnu-konferenciju-o-industrijskoj-bastini\/#primaryimage"},"thumbnailUrl":"https:\/\/protorpedo-rijeka.hr\/wp-content\/uploads\/2015\/11\/01.png","articleSection":["News"],"inLanguage":"en-US"},{"@type":"WebPage","@id":"https:\/\/protorpedo-rijeka.hr\/poziv-na-9-medunarodnu-konferenciju-o-industrijskoj-bastini\/","url":"https:\/\/protorpedo-rijeka.hr\/poziv-na-9-medunarodnu-konferenciju-o-industrijskoj-bastini\/","name":"[:hr]Poziv na 9. me\u0111unarodnu konferenciju o industrijskoj ba\u0161tini[:en]Invitation to the 9th international conference on industrial heritage[:] - Pro Torpedo","isPartOf":{"@id":"https:\/\/protorpedo-rijeka.hr\/#website"},"primaryImageOfPage":{"@id":"https:\/\/protorpedo-rijeka.hr\/poziv-na-9-medunarodnu-konferenciju-o-industrijskoj-bastini\/#primaryimage"},"image":{"@id":"https:\/\/protorpedo-rijeka.hr\/poziv-na-9-medunarodnu-konferenciju-o-industrijskoj-bastini\/#primaryimage"},"thumbnailUrl":"https:\/\/protorpedo-rijeka.hr\/wp-content\/uploads\/2015\/11\/01.png","datePublished":"2019-12-02T20:13:49+00:00","dateModified":"2023-01-06T23:28:26+00:00","breadcrumb":{"@id":"https:\/\/protorpedo-rijeka.hr\/poziv-na-9-medunarodnu-konferenciju-o-industrijskoj-bastini\/#breadcrumb"},"inLanguage":"en-US","potentialAction":[{"@type":"ReadAction","target":["https:\/\/protorpedo-rijeka.hr\/poziv-na-9-medunarodnu-konferenciju-o-industrijskoj-bastini\/"]}]},{"@type":"ImageObject","inLanguage":"en-US","@id":"https:\/\/protorpedo-rijeka.hr\/poziv-na-9-medunarodnu-konferenciju-o-industrijskoj-bastini\/#primaryimage","url":"https:\/\/protorpedo-rijeka.hr\/wp-content\/uploads\/2015\/11\/01.png","contentUrl":"https:\/\/protorpedo-rijeka.hr\/wp-content\/uploads\/2015\/11\/01.png","width":770,"height":526},{"@type":"BreadcrumbList","@id":"https:\/\/protorpedo-rijeka.hr\/poziv-na-9-medunarodnu-konferenciju-o-industrijskoj-bastini\/#breadcrumb","itemListElement":[{"@type":"ListItem","position":1,"name":"Home","item":"https:\/\/protorpedo-rijeka.hr\/"},{"@type":"ListItem","position":2,"name":"Poziv na 9. me\u0111unarodnu konferenciju o industrijskoj ba\u0161tini"}]},{"@type":"WebSite","@id":"https:\/\/protorpedo-rijeka.hr\/#website","url":"https:\/\/protorpedo-rijeka.hr\/","name":"Pro Torpedo","description":"Udruga za za\u0161titu i promociju rije\u010dke industrijske ba\u0161tine","publisher":{"@id":"https:\/\/protorpedo-rijeka.hr\/#organization"},"potentialAction":[{"@type":"SearchAction","target":{"@type":"EntryPoint","urlTemplate":"https:\/\/protorpedo-rijeka.hr\/?s={search_term_string}"},"query-input":{"@type":"PropertyValueSpecification","valueRequired":true,"valueName":"search_term_string"}}],"inLanguage":"en-US"},{"@type":"Organization","@id":"https:\/\/protorpedo-rijeka.hr\/#organization","name":"Pro Torpedo","url":"https:\/\/protorpedo-rijeka.hr\/","logo":{"@type":"ImageObject","inLanguage":"en-US","@id":"https:\/\/protorpedo-rijeka.hr\/#\/schema\/logo\/image\/","url":"https:\/\/protorpedo-rijeka.hr\/wp-content\/uploads\/2023\/01\/Pro-Torpedo-logo-v5-4@2x.png","contentUrl":"https:\/\/protorpedo-rijeka.hr\/wp-content\/uploads\/2023\/01\/Pro-Torpedo-logo-v5-4@2x.png","width":783,"height":181,"caption":"Pro Torpedo"},"image":{"@id":"https:\/\/protorpedo-rijeka.hr\/#\/schema\/logo\/image\/"}},{"@type":"Person","@id":"https:\/\/protorpedo-rijeka.hr\/#\/schema\/person\/596b2b84c79ea6ee4cad10c046717113","name":"Iva","url":"https:\/\/protorpedo-rijeka.hr\/en\/author\/Iva\/"}]}},"_links":{"self":[{"href":"https:\/\/protorpedo-rijeka.hr\/en\/wp-json\/wp\/v2\/posts\/494","targetHints":{"allow":["GET"]}}],"collection":[{"href":"https:\/\/protorpedo-rijeka.hr\/en\/wp-json\/wp\/v2\/posts"}],"about":[{"href":"https:\/\/protorpedo-rijeka.hr\/en\/wp-json\/wp\/v2\/types\/post"}],"author":[{"embeddable":true,"href":"https:\/\/protorpedo-rijeka.hr\/en\/wp-json\/wp\/v2\/users\/1"}],"replies":[{"embeddable":true,"href":"https:\/\/protorpedo-rijeka.hr\/en\/wp-json\/wp\/v2\/comments?post=494"}],"version-history":[{"count":1,"href":"https:\/\/protorpedo-rijeka.hr\/en\/wp-json\/wp\/v2\/posts\/494\/revisions"}],"predecessor-version":[{"id":611,"href":"https:\/\/protorpedo-rijeka.hr\/en\/wp-json\/wp\/v2\/posts\/494\/revisions\/611"}],"wp:featuredmedia":[{"embeddable":true,"href":"https:\/\/protorpedo-rijeka.hr\/en\/wp-json\/wp\/v2\/media\/26"}],"wp:attachment":[{"href":"https:\/\/protorpedo-rijeka.hr\/en\/wp-json\/wp\/v2\/media?parent=494"}],"wp:term":[{"taxonomy":"category","embeddable":true,"href":"https:\/\/protorpedo-rijeka.hr\/en\/wp-json\/wp\/v2\/categories?post=494"},{"taxonomy":"post_tag","embeddable":true,"href":"https:\/\/protorpedo-rijeka.hr\/en\/wp-json\/wp\/v2\/tags?post=494"}],"curies":[{"name":"wp","href":"https:\/\/api.w.org\/{rel}","templated":true}]}}