{"id":779,"date":"2023-01-23T18:39:37","date_gmt":"2023-01-23T18:39:37","guid":{"rendered":"https:\/\/protorpedo-rijeka.hr\/?p=779"},"modified":"2023-01-23T18:40:30","modified_gmt":"2023-01-23T18:40:30","slug":"poziv-na-9-medunarodnu-konferenciju-u-svibnju-2023-godine","status":"publish","type":"post","link":"https:\/\/protorpedo-rijeka.hr\/en\/poziv-na-9-medunarodnu-konferenciju-u-svibnju-2023-godine\/","title":{"rendered":"Notification of postponement of the 9th conference"},"content":{"rendered":"Dear participants of the 9th International Conference and dear friends,<\/p>\n<p>as you may have seen so far in your own countries, the viral epidemic has disrupted many plans. As organizers of the 9th International Conference on Industrial Heritage in Rijeka, we were very pleased with the announcement of your participation. Unfortunately, the current situation is such that we cannot be certain if there will be functioning conditions for the regular conference before the 22nd of May 2020.<br \/>\nTherefore we have concluded that it is advisable to postpone the conference, primarily for the health and safety of the participants.<br \/>\nWe will inform you of the new date of the conference later.<\/p>\n<p>Velid \u0110eki\u0107,<br \/>\npresident of the organization committee","protected":false},"excerpt":{"rendered":"<p>Dear participants of the 9th International Conference and dear friends, as you may have seen&#8230;<\/p>\n","protected":false},"author":1,"featured_media":8,"comment_status":"closed","ping_status":"closed","sticky":false,"template":"","format":"standard","meta":{"footnotes":""},"categories":[8],"tags":[],"class_list":{"0":"post-779","1":"post","2":"type-post","3":"status-publish","4":"format-standard","5":"has-post-thumbnail","7":"category-news"},"yoast_head":"<!-- This site is optimized with the Yoast SEO plugin v27.4 - https:\/\/yoast.com\/product\/yoast-seo-wordpress\/ -->\n<title>Notification of postponement of the 9th conference - Pro Torpedo<\/title>\n<meta name=\"robots\" content=\"index, follow, max-snippet:-1, max-image-preview:large, max-video-preview:-1\" \/>\n<link rel=\"canonical\" href=\"https:\/\/protorpedo-rijeka.hr\/poziv-na-9-medunarodnu-konferenciju-u-svibnju-2023-godine\/\" \/>\n<meta property=\"og:locale\" content=\"en_US\" \/>\n<meta property=\"og:type\" content=\"article\" \/>\n<meta property=\"og:title\" content=\"[:hr]Poziv na 9. me\u0111unarodnu konferenciju u svibnju 2023. godine[:en]Notification of postponement of the 9th conference[:] - Pro Torpedo\" \/>\n<meta property=\"og:description\" content=\"Dear participants of the 9th International Conference and dear friends, as you may have seen...\" \/>\n<meta property=\"og:url\" content=\"https:\/\/protorpedo-rijeka.hr\/poziv-na-9-medunarodnu-konferenciju-u-svibnju-2023-godine\/\" \/>\n<meta property=\"og:site_name\" content=\"Pro Torpedo\" \/>\n<meta property=\"article:published_time\" content=\"2023-01-23T18:39:37+00:00\" \/>\n<meta property=\"article:modified_time\" content=\"2023-01-23T18:40:30+00:00\" \/>\n<meta property=\"og:image\" content=\"https:\/\/protorpedo-rijeka.hr\/wp-content\/uploads\/2015\/11\/cropped-02.png\" \/>\n\t<meta property=\"og:image:width\" content=\"275\" \/>\n\t<meta property=\"og:image:height\" content=\"90\" \/>\n\t<meta property=\"og:image:type\" content=\"image\/png\" \/>\n<meta name=\"author\" content=\"Iva\" \/>\n<meta name=\"twitter:card\" content=\"summary_large_image\" \/>\n<meta name=\"twitter:label1\" content=\"Written by\" \/>\n\t<meta name=\"twitter:data1\" content=\"Iva\" \/>\n\t<meta name=\"twitter:label2\" content=\"Est. reading time\" \/>\n\t<meta name=\"twitter:data2\" content=\"1 minute\" \/>\n<script type=\"application\/ld+json\" class=\"yoast-schema-graph\">{\"@context\":\"https:\\\/\\\/schema.org\",\"@graph\":[{\"@type\":\"Article\",\"@id\":\"https:\\\/\\\/protorpedo-rijeka.hr\\\/poziv-na-9-medunarodnu-konferenciju-u-svibnju-2023-godine\\\/#article\",\"isPartOf\":{\"@id\":\"https:\\\/\\\/protorpedo-rijeka.hr\\\/poziv-na-9-medunarodnu-konferenciju-u-svibnju-2023-godine\\\/\"},\"author\":{\"name\":\"Iva\",\"@id\":\"https:\\\/\\\/protorpedo-rijeka.hr\\\/#\\\/schema\\\/person\\\/596b2b84c79ea6ee4cad10c046717113\"},\"headline\":\"Notification of postponement of the 9th conference\",\"datePublished\":\"2023-01-23T18:39:37+00:00\",\"dateModified\":\"2023-01-23T18:40:30+00:00\",\"mainEntityOfPage\":{\"@id\":\"https:\\\/\\\/protorpedo-rijeka.hr\\\/poziv-na-9-medunarodnu-konferenciju-u-svibnju-2023-godine\\\/\"},\"wordCount\":301,\"publisher\":{\"@id\":\"https:\\\/\\\/protorpedo-rijeka.hr\\\/#organization\"},\"image\":{\"@id\":\"https:\\\/\\\/protorpedo-rijeka.hr\\\/poziv-na-9-medunarodnu-konferenciju-u-svibnju-2023-godine\\\/#primaryimage\"},\"thumbnailUrl\":\"https:\\\/\\\/protorpedo-rijeka.hr\\\/wp-content\\\/uploads\\\/2015\\\/11\\\/cropped-02.png\",\"articleSection\":[\"News\"],\"inLanguage\":\"en-US\"},{\"@type\":\"WebPage\",\"@id\":\"https:\\\/\\\/protorpedo-rijeka.hr\\\/poziv-na-9-medunarodnu-konferenciju-u-svibnju-2023-godine\\\/\",\"url\":\"https:\\\/\\\/protorpedo-rijeka.hr\\\/poziv-na-9-medunarodnu-konferenciju-u-svibnju-2023-godine\\\/\",\"name\":\"[:hr]Poziv na 9. me\u0111unarodnu konferenciju u svibnju 2023. godine[:en]Notification of postponement of the 9th conference[:] - Pro Torpedo\",\"isPartOf\":{\"@id\":\"https:\\\/\\\/protorpedo-rijeka.hr\\\/#website\"},\"primaryImageOfPage\":{\"@id\":\"https:\\\/\\\/protorpedo-rijeka.hr\\\/poziv-na-9-medunarodnu-konferenciju-u-svibnju-2023-godine\\\/#primaryimage\"},\"image\":{\"@id\":\"https:\\\/\\\/protorpedo-rijeka.hr\\\/poziv-na-9-medunarodnu-konferenciju-u-svibnju-2023-godine\\\/#primaryimage\"},\"thumbnailUrl\":\"https:\\\/\\\/protorpedo-rijeka.hr\\\/wp-content\\\/uploads\\\/2015\\\/11\\\/cropped-02.png\",\"datePublished\":\"2023-01-23T18:39:37+00:00\",\"dateModified\":\"2023-01-23T18:40:30+00:00\",\"breadcrumb\":{\"@id\":\"https:\\\/\\\/protorpedo-rijeka.hr\\\/poziv-na-9-medunarodnu-konferenciju-u-svibnju-2023-godine\\\/#breadcrumb\"},\"inLanguage\":\"en-US\",\"potentialAction\":[{\"@type\":\"ReadAction\",\"target\":[\"https:\\\/\\\/protorpedo-rijeka.hr\\\/poziv-na-9-medunarodnu-konferenciju-u-svibnju-2023-godine\\\/\"]}]},{\"@type\":\"ImageObject\",\"inLanguage\":\"en-US\",\"@id\":\"https:\\\/\\\/protorpedo-rijeka.hr\\\/poziv-na-9-medunarodnu-konferenciju-u-svibnju-2023-godine\\\/#primaryimage\",\"url\":\"https:\\\/\\\/protorpedo-rijeka.hr\\\/wp-content\\\/uploads\\\/2015\\\/11\\\/cropped-02.png\",\"contentUrl\":\"https:\\\/\\\/protorpedo-rijeka.hr\\\/wp-content\\\/uploads\\\/2015\\\/11\\\/cropped-02.png\",\"width\":275,\"height\":90},{\"@type\":\"BreadcrumbList\",\"@id\":\"https:\\\/\\\/protorpedo-rijeka.hr\\\/poziv-na-9-medunarodnu-konferenciju-u-svibnju-2023-godine\\\/#breadcrumb\",\"itemListElement\":[{\"@type\":\"ListItem\",\"position\":1,\"name\":\"Home\",\"item\":\"https:\\\/\\\/protorpedo-rijeka.hr\\\/\"},{\"@type\":\"ListItem\",\"position\":2,\"name\":\"Poziv na 9. me\u0111unarodnu konferenciju u svibnju 2023. godine\"}]},{\"@type\":\"WebSite\",\"@id\":\"https:\\\/\\\/protorpedo-rijeka.hr\\\/#website\",\"url\":\"https:\\\/\\\/protorpedo-rijeka.hr\\\/\",\"name\":\"Pro Torpedo\",\"description\":\"Udruga za za\u0161titu i promociju rije\u010dke industrijske ba\u0161tine\",\"publisher\":{\"@id\":\"https:\\\/\\\/protorpedo-rijeka.hr\\\/#organization\"},\"potentialAction\":[{\"@type\":\"SearchAction\",\"target\":{\"@type\":\"EntryPoint\",\"urlTemplate\":\"https:\\\/\\\/protorpedo-rijeka.hr\\\/?s={search_term_string}\"},\"query-input\":{\"@type\":\"PropertyValueSpecification\",\"valueRequired\":true,\"valueName\":\"search_term_string\"}}],\"inLanguage\":\"en-US\"},{\"@type\":\"Organization\",\"@id\":\"https:\\\/\\\/protorpedo-rijeka.hr\\\/#organization\",\"name\":\"Pro Torpedo\",\"url\":\"https:\\\/\\\/protorpedo-rijeka.hr\\\/\",\"logo\":{\"@type\":\"ImageObject\",\"inLanguage\":\"en-US\",\"@id\":\"https:\\\/\\\/protorpedo-rijeka.hr\\\/#\\\/schema\\\/logo\\\/image\\\/\",\"url\":\"https:\\\/\\\/protorpedo-rijeka.hr\\\/wp-content\\\/uploads\\\/2023\\\/01\\\/Pro-Torpedo-logo-v5-4@2x.png\",\"contentUrl\":\"https:\\\/\\\/protorpedo-rijeka.hr\\\/wp-content\\\/uploads\\\/2023\\\/01\\\/Pro-Torpedo-logo-v5-4@2x.png\",\"width\":783,\"height\":181,\"caption\":\"Pro Torpedo\"},\"image\":{\"@id\":\"https:\\\/\\\/protorpedo-rijeka.hr\\\/#\\\/schema\\\/logo\\\/image\\\/\"}},{\"@type\":\"Person\",\"@id\":\"https:\\\/\\\/protorpedo-rijeka.hr\\\/#\\\/schema\\\/person\\\/596b2b84c79ea6ee4cad10c046717113\",\"name\":\"Iva\",\"url\":\"https:\\\/\\\/protorpedo-rijeka.hr\\\/en\\\/author\\\/Iva\\\/\"}]}<\/script>\n<!-- \/ Yoast SEO plugin. -->","yoast_head_json":{"title":"[:hr]Poziv na 9. me\u0111unarodnu konferenciju u svibnju 2023. godine[:en]Notification of postponement of the 9th conference[:] - Pro Torpedo","robots":{"index":"index","follow":"follow","max-snippet":"max-snippet:-1","max-image-preview":"max-image-preview:large","max-video-preview":"max-video-preview:-1"},"canonical":"https:\/\/protorpedo-rijeka.hr\/poziv-na-9-medunarodnu-konferenciju-u-svibnju-2023-godine\/","og_locale":"en_US","og_type":"article","og_title":"[:hr]Poziv na 9. me\u0111unarodnu konferenciju u svibnju 2023. godine[:en]Notification of postponement of the 9th conference[:] - Pro Torpedo","og_description":"Dear participants of the 9th International Conference and dear friends, as you may have seen...","og_url":"https:\/\/protorpedo-rijeka.hr\/poziv-na-9-medunarodnu-konferenciju-u-svibnju-2023-godine\/","og_site_name":"Pro Torpedo","article_published_time":"2023-01-23T18:39:37+00:00","article_modified_time":"2023-01-23T18:40:30+00:00","og_image":[{"width":275,"height":90,"url":"https:\/\/protorpedo-rijeka.hr\/wp-content\/uploads\/2015\/11\/cropped-02.png","type":"image\/png"}],"author":"Iva","twitter_card":"summary_large_image","twitter_misc":{"Written by":"Iva","Est. reading time":"1 minute"},"schema":{"@context":"https:\/\/schema.org","@graph":[{"@type":"Article","@id":"https:\/\/protorpedo-rijeka.hr\/poziv-na-9-medunarodnu-konferenciju-u-svibnju-2023-godine\/#article","isPartOf":{"@id":"https:\/\/protorpedo-rijeka.hr\/poziv-na-9-medunarodnu-konferenciju-u-svibnju-2023-godine\/"},"author":{"name":"Iva","@id":"https:\/\/protorpedo-rijeka.hr\/#\/schema\/person\/596b2b84c79ea6ee4cad10c046717113"},"headline":"Notification of postponement of the 9th conference","datePublished":"2023-01-23T18:39:37+00:00","dateModified":"2023-01-23T18:40:30+00:00","mainEntityOfPage":{"@id":"https:\/\/protorpedo-rijeka.hr\/poziv-na-9-medunarodnu-konferenciju-u-svibnju-2023-godine\/"},"wordCount":301,"publisher":{"@id":"https:\/\/protorpedo-rijeka.hr\/#organization"},"image":{"@id":"https:\/\/protorpedo-rijeka.hr\/poziv-na-9-medunarodnu-konferenciju-u-svibnju-2023-godine\/#primaryimage"},"thumbnailUrl":"https:\/\/protorpedo-rijeka.hr\/wp-content\/uploads\/2015\/11\/cropped-02.png","articleSection":["News"],"inLanguage":"en-US"},{"@type":"WebPage","@id":"https:\/\/protorpedo-rijeka.hr\/poziv-na-9-medunarodnu-konferenciju-u-svibnju-2023-godine\/","url":"https:\/\/protorpedo-rijeka.hr\/poziv-na-9-medunarodnu-konferenciju-u-svibnju-2023-godine\/","name":"[:hr]Poziv na 9. me\u0111unarodnu konferenciju u svibnju 2023. godine[:en]Notification of postponement of the 9th conference[:] - Pro Torpedo","isPartOf":{"@id":"https:\/\/protorpedo-rijeka.hr\/#website"},"primaryImageOfPage":{"@id":"https:\/\/protorpedo-rijeka.hr\/poziv-na-9-medunarodnu-konferenciju-u-svibnju-2023-godine\/#primaryimage"},"image":{"@id":"https:\/\/protorpedo-rijeka.hr\/poziv-na-9-medunarodnu-konferenciju-u-svibnju-2023-godine\/#primaryimage"},"thumbnailUrl":"https:\/\/protorpedo-rijeka.hr\/wp-content\/uploads\/2015\/11\/cropped-02.png","datePublished":"2023-01-23T18:39:37+00:00","dateModified":"2023-01-23T18:40:30+00:00","breadcrumb":{"@id":"https:\/\/protorpedo-rijeka.hr\/poziv-na-9-medunarodnu-konferenciju-u-svibnju-2023-godine\/#breadcrumb"},"inLanguage":"en-US","potentialAction":[{"@type":"ReadAction","target":["https:\/\/protorpedo-rijeka.hr\/poziv-na-9-medunarodnu-konferenciju-u-svibnju-2023-godine\/"]}]},{"@type":"ImageObject","inLanguage":"en-US","@id":"https:\/\/protorpedo-rijeka.hr\/poziv-na-9-medunarodnu-konferenciju-u-svibnju-2023-godine\/#primaryimage","url":"https:\/\/protorpedo-rijeka.hr\/wp-content\/uploads\/2015\/11\/cropped-02.png","contentUrl":"https:\/\/protorpedo-rijeka.hr\/wp-content\/uploads\/2015\/11\/cropped-02.png","width":275,"height":90},{"@type":"BreadcrumbList","@id":"https:\/\/protorpedo-rijeka.hr\/poziv-na-9-medunarodnu-konferenciju-u-svibnju-2023-godine\/#breadcrumb","itemListElement":[{"@type":"ListItem","position":1,"name":"Home","item":"https:\/\/protorpedo-rijeka.hr\/"},{"@type":"ListItem","position":2,"name":"Poziv na 9. me\u0111unarodnu konferenciju u svibnju 2023. godine"}]},{"@type":"WebSite","@id":"https:\/\/protorpedo-rijeka.hr\/#website","url":"https:\/\/protorpedo-rijeka.hr\/","name":"Pro Torpedo","description":"Udruga za za\u0161titu i promociju rije\u010dke industrijske ba\u0161tine","publisher":{"@id":"https:\/\/protorpedo-rijeka.hr\/#organization"},"potentialAction":[{"@type":"SearchAction","target":{"@type":"EntryPoint","urlTemplate":"https:\/\/protorpedo-rijeka.hr\/?s={search_term_string}"},"query-input":{"@type":"PropertyValueSpecification","valueRequired":true,"valueName":"search_term_string"}}],"inLanguage":"en-US"},{"@type":"Organization","@id":"https:\/\/protorpedo-rijeka.hr\/#organization","name":"Pro Torpedo","url":"https:\/\/protorpedo-rijeka.hr\/","logo":{"@type":"ImageObject","inLanguage":"en-US","@id":"https:\/\/protorpedo-rijeka.hr\/#\/schema\/logo\/image\/","url":"https:\/\/protorpedo-rijeka.hr\/wp-content\/uploads\/2023\/01\/Pro-Torpedo-logo-v5-4@2x.png","contentUrl":"https:\/\/protorpedo-rijeka.hr\/wp-content\/uploads\/2023\/01\/Pro-Torpedo-logo-v5-4@2x.png","width":783,"height":181,"caption":"Pro Torpedo"},"image":{"@id":"https:\/\/protorpedo-rijeka.hr\/#\/schema\/logo\/image\/"}},{"@type":"Person","@id":"https:\/\/protorpedo-rijeka.hr\/#\/schema\/person\/596b2b84c79ea6ee4cad10c046717113","name":"Iva","url":"https:\/\/protorpedo-rijeka.hr\/en\/author\/Iva\/"}]}},"_links":{"self":[{"href":"https:\/\/protorpedo-rijeka.hr\/en\/wp-json\/wp\/v2\/posts\/779","targetHints":{"allow":["GET"]}}],"collection":[{"href":"https:\/\/protorpedo-rijeka.hr\/en\/wp-json\/wp\/v2\/posts"}],"about":[{"href":"https:\/\/protorpedo-rijeka.hr\/en\/wp-json\/wp\/v2\/types\/post"}],"author":[{"embeddable":true,"href":"https:\/\/protorpedo-rijeka.hr\/en\/wp-json\/wp\/v2\/users\/1"}],"replies":[{"embeddable":true,"href":"https:\/\/protorpedo-rijeka.hr\/en\/wp-json\/wp\/v2\/comments?post=779"}],"version-history":[{"count":1,"href":"https:\/\/protorpedo-rijeka.hr\/en\/wp-json\/wp\/v2\/posts\/779\/revisions"}],"predecessor-version":[{"id":782,"href":"https:\/\/protorpedo-rijeka.hr\/en\/wp-json\/wp\/v2\/posts\/779\/revisions\/782"}],"wp:featuredmedia":[{"embeddable":true,"href":"https:\/\/protorpedo-rijeka.hr\/en\/wp-json\/wp\/v2\/media\/8"}],"wp:attachment":[{"href":"https:\/\/protorpedo-rijeka.hr\/en\/wp-json\/wp\/v2\/media?parent=779"}],"wp:term":[{"taxonomy":"category","embeddable":true,"href":"https:\/\/protorpedo-rijeka.hr\/en\/wp-json\/wp\/v2\/categories?post=779"},{"taxonomy":"post_tag","embeddable":true,"href":"https:\/\/protorpedo-rijeka.hr\/en\/wp-json\/wp\/v2\/tags?post=779"}],"curies":[{"name":"wp","href":"https:\/\/api.w.org\/{rel}","templated":true}]}}